{"id":2790,"date":"2026-01-27T16:49:55","date_gmt":"2026-01-27T15:49:55","guid":{"rendered":"https:\/\/magicbadalona.com\/el-magic-badalona-da-el-pistoletazo-de-salida-al-festival-li-chang-de-magia\/"},"modified":"2026-01-27T17:41:22","modified_gmt":"2026-01-27T16:41:22","slug":"el-magic-badalona-da-el-pistoletazo-de-salida-al-festival-li-chang-de-magia","status":"publish","type":"post","link":"https:\/\/magicbadalona.com\/es\/el-magic-badalona-da-el-pistoletazo-de-salida-al-festival-li-chang-de-magia\/","title":{"rendered":"El M\u00e0gic Badalona da el pistoletazo de salida al Festival Li-Chang de Magia"},"content":{"rendered":"\n<p>Este s\u00e1bado, 31 de enero, el M\u00e0gic Badalona se convertir\u00e1 en el epicentro de la ilusi\u00f3n con la inauguraci\u00f3n de la 26.\u00aa cita anual del Festival Internacional de Magia \u2013 Memorial Li-Chang, que volver\u00e1 a llenar la ciudad de magia hasta el mes de marzo. <\/p>\n\n<p>El festival arrancar\u00e1 este s\u00e1bado a las 16 h en el M\u00e0gic con un gran evento abierto a todos los p\u00fablicos: el gran encuentro de las asociaciones de magos de cada provincia de Catalu\u00f1a.<\/p>\n\n<h3 class=\"wp-block-heading\"><strong>Una tarde de magia para vivirla de cerca<\/strong><\/h3>\n\n<p>A lo largo de la tarde, el p\u00fablico podr\u00e1 descubrir diferentes carpas repartidas por el recinto, donde se programar\u00e1n actuaciones de magia en diversos formatos. La experiencia se completar\u00e1 con el Magin\u00e0rium, una caravana esc\u00e9nica dise\u00f1ada para vivir la magia de forma inmersiva y cercana. <\/p>\n\n<p>Esta jornada inaugural convierte al M\u00e0gic Badalona en el primer gran escenario del Festival Li Chang, acercando este arte a todos los p\u00fablicos y reforzando la apuesta del centro por la cultura como elemento dinamizador de la ciudad.<\/p>\n\n<figure class=\"wp-block-image size-large\"><img fetchpriority=\"high\" decoding=\"async\" width=\"1024\" height=\"683\" src=\"https:\/\/magicbadalona.com\/wp-content\/uploads\/2026\/01\/62A4839-copia-1024x683.jpg\" alt=\"\" class=\"wp-image-2782\" srcset=\"https:\/\/magicbadalona.com\/wp-content\/uploads\/2026\/01\/62A4839-copia-1024x683.jpg 1024w, https:\/\/magicbadalona.com\/wp-content\/uploads\/2026\/01\/62A4839-copia-300x200.jpg 300w, https:\/\/magicbadalona.com\/wp-content\/uploads\/2026\/01\/62A4839-copia-768x512.jpg 768w, https:\/\/magicbadalona.com\/wp-content\/uploads\/2026\/01\/62A4839-copia-1536x1024.jpg 1536w, https:\/\/magicbadalona.com\/wp-content\/uploads\/2026\/01\/62A4839-copia-2048x1365.jpg 2048w\" sizes=\"(max-width: 1024px) 100vw, 1024px\" \/><\/figure>\n\n<h3 class=\"wp-block-heading\"><strong>Un festival que llena Badalona de ilusi\u00f3n<\/strong><\/h3>\n\n<p>El Festival Li Chang de Magia se extender\u00e1 hasta el mes de marzo con diferentes eventos repartidos por Badalona, consolid\u00e1ndose como una propuesta cultural que trasciende un \u00fanico espacio y que invita a descubrir la magia en distintos formatos y localizaciones.<\/p>\n\n<p>Consulta el programa completo <a href=\"https:\/\/www.badalona.cat\/ca\/serveis-ajuntament\/cultura\/arts-esceniques\/festival-internacional-de-magia-memorial-li-chang\" target=\"_blank\" rel=\"noopener\">aqu\u00ed<\/a>.<\/p>\n\n<p><\/p>\n","protected":false},"excerpt":{"rendered":"<p>Este s\u00e1bado, 31 de enero, el M\u00e0gic Badalona se convertir\u00e1 en el epicentro de la ilusi\u00f3n con la inauguraci\u00f3n de la 26.\u00aa cita anual del Festival Internacional de Magia \u2013 Memorial Li-Chang, que volver\u00e1 a llenar la ciudad de magia hasta el mes de marzo. El festival arrancar\u00e1 este s\u00e1bado a las 16 h en [&hellip;]<\/p>\n","protected":false},"author":7,"featured_media":2789,"comment_status":"closed","ping_status":"closed","sticky":false,"template":"","format":"standard","meta":{"_acf_changed":false,"footnotes":""},"categories":[121],"tags":[],"class_list":["post-2790","post","type-post","status-publish","format-standard","has-post-thumbnail","hentry","category-noticias"],"acf":[],"_links":{"self":[{"href":"https:\/\/magicbadalona.com\/es\/wp-json\/wp\/v2\/posts\/2790","targetHints":{"allow":["GET"]}}],"collection":[{"href":"https:\/\/magicbadalona.com\/es\/wp-json\/wp\/v2\/posts"}],"about":[{"href":"https:\/\/magicbadalona.com\/es\/wp-json\/wp\/v2\/types\/post"}],"author":[{"embeddable":true,"href":"https:\/\/magicbadalona.com\/es\/wp-json\/wp\/v2\/users\/7"}],"replies":[{"embeddable":true,"href":"https:\/\/magicbadalona.com\/es\/wp-json\/wp\/v2\/comments?post=2790"}],"version-history":[{"count":1,"href":"https:\/\/magicbadalona.com\/es\/wp-json\/wp\/v2\/posts\/2790\/revisions"}],"predecessor-version":[{"id":2794,"href":"https:\/\/magicbadalona.com\/es\/wp-json\/wp\/v2\/posts\/2790\/revisions\/2794"}],"wp:featuredmedia":[{"embeddable":true,"href":"https:\/\/magicbadalona.com\/es\/wp-json\/wp\/v2\/media\/2789"}],"wp:attachment":[{"href":"https:\/\/magicbadalona.com\/es\/wp-json\/wp\/v2\/media?parent=2790"}],"wp:term":[{"taxonomy":"category","embeddable":true,"href":"https:\/\/magicbadalona.com\/es\/wp-json\/wp\/v2\/categories?post=2790"},{"taxonomy":"post_tag","embeddable":true,"href":"https:\/\/magicbadalona.com\/es\/wp-json\/wp\/v2\/tags?post=2790"}],"curies":[{"name":"wp","href":"https:\/\/api.w.org\/{rel}","templated":true}]}}