{"id":3538,"date":"2026-04-27T10:20:47","date_gmt":"2026-04-27T08:20:47","guid":{"rendered":"https:\/\/magicbadalona.com\/?p=3538"},"modified":"2026-04-27T10:32:05","modified_gmt":"2026-04-27T08:32:05","slug":"el-magic-badalona-celebra-las-fiestas-de-mayo-con-una-jornada-llena-de-musica-y-actividades-familiares","status":"publish","type":"post","link":"https:\/\/magicbadalona.com\/es\/el-magic-badalona-celebra-las-fiestas-de-mayo-con-una-jornada-llena-de-musica-y-actividades-familiares\/","title":{"rendered":"EL M\u00c0GIC BADALONA CELEBRA LAS FIESTAS DE MAYO CON UNA JORNADA LLENA DE M\u00daSICA Y ACTIVIDADES FAMILIARES"},"content":{"rendered":"\n<p><strong>M\u00e0gic Mayo es el conjunto de actividades que el centro comercial acoger\u00e1 el s\u00e1bado 2 de mayo, con una tarde pensada para todos los p\u00fablicos que incluir\u00e1 21 espect\u00e1culos, talleres y propuestas vinculadas con la cultura popular<\/strong>.<\/p>\n\n\n\n<p>El Centro Comercial M\u00e0gic Badalona se suma a la celebraci\u00f3n de las Fiestas de Mayo con una programaci\u00f3n especial pensada para todos los p\u00fablicos. El pr\u00f3ximo s\u00e1bado 2 de mayo, a partir de las 18 h, el centro se convertir\u00e1 en un punto de encuentro para disfrutar de la cultura popular, la m\u00fasica y las actividades familiares en un ambiente festivo y participativo.<\/p>\n\n\n\n<p>La jornada incluir\u00e1 talleres infantiles, como pinta caras y manualidades, con objetivos de fomentar la participaci\u00f3n familiar y la creatividad de los m\u00e1s peque\u00f1os, con colaboraci\u00f3n del ABACUS.<\/p>\n\n\n\n<p>Uno de los momentos destacados ser\u00e1 el espect\u00e1culo participativo \u00bb De pel\u00edculas! Luces, c\u00e1mara i.. Elige!\u00bb, donde el p\u00fablico podr\u00e1 decidir en directo las coreograf\u00edas inspiradas en pel\u00edculas conocidas, combinando m\u00fasica, baile e interacci\u00f3n.<\/p>\n\n\n\n<p>La programaci\u00f3n llegar\u00e1 a su punto \u00e1lgido con el concierto de \u00abReggae per a Xics\u00bb, una propuesta musical llena de energ\u00eda y ritmos jamaicanos adaptados para todos los p\u00fablicos, que invitar\u00e1 a grandes y peque\u00f1os a cantar y bailar.<\/p>\n\n\n\n<p>Antes de que se haga de noche, hac\u00eda las 21 h, los \u00abCastellers de Badalona\u00bb levantar\u00e1n un pilar, dando el pistoletazo de salida simb\u00f3lico a las Fiestas de Mayo. <\/p>\n\n\n\n<p>La jornada culminar\u00e1 con un espect\u00e1culo de fuego y percusi\u00f3n a cargo del grupo Kapaoltis, que llenar\u00e1 la terraza del M\u00e0gic de luz, ritmo y pirotecnia, poniendo el punto final a una tarde festiva en el marco de las celebraciones de mayo en la ciudad. <\/p>\n\n\n\n<p><strong>Exposici\u00f3n de \u00abDimonis\u00bb y venta de pa\u00f1uelos de las Fiestas de Mayo<\/strong><\/p>\n\n\n\n<p>A m\u00e1s, del <strong>1 al 12 de mayo<\/strong>, el centro acoger\u00e1 una exposici\u00f3n dedicada al \u00abDimoni de Badalona\u00bb, con una muestra de miniaturas de los \u00faltimos a\u00f1os, ofreciendo a los visitantes un recorrido para una de las figuras m\u00e1s emblem\u00e1ticas de las fiestas. Durante estos d\u00edas, tambi\u00e9n se podr\u00e1 adquirir el pa\u00f1uelo de las Fiestas de Mayo en el estand ubicado en la Plaza Central, al lado de la exposici\u00f3n en horario comercial.<\/p>\n\n\n\n<p>Con esta iniciativa, el M\u00e0gic Badalona reafirma su compromiso con la ciudad y con la promoci\u00f3n de la cultura local, un espacio referencia durante las Fiestas de Mayo. Esta acci\u00f3n se suma a otras iniciativas con la colaboraci\u00f3n con el Festival de Magia, los FILMETS Badalona Film Festival o diferentes acontecimientos deportivos. <\/p>\n\n\n\n<p>Si quieres consultar los horarios clica aqu\u00ed:  <a href=\"https:\/\/magicbadalona.com\/es\/ven-el-2-de-mayo-al-magic\/\" data-type=\"link\" data-id=\"https:\/\/magicbadalona.com\/es\/ven-el-2-de-mayo-al-magic\/\">https:\/\/magicbadalona.com\/es\/ven-el-2-de-mayo-al-magic\/<\/a><\/p>\n\n\n\n<p><\/p>\n","protected":false},"excerpt":{"rendered":"<p>M\u00e0gic Mayo es el conjunto de actividades que el centro comercial acoger\u00e1 el s\u00e1bado 2 de mayo, con una tarde pensada para todos los p\u00fablicos que incluir\u00e1 21 espect\u00e1culos, talleres y propuestas vinculadas con la cultura popular. El Centro Comercial M\u00e0gic Badalona se suma a la celebraci\u00f3n de las Fiestas de Mayo con una programaci\u00f3n [&hellip;]<\/p>\n","protected":false},"author":7,"featured_media":3530,"comment_status":"closed","ping_status":"closed","sticky":false,"template":"","format":"standard","meta":{"_acf_changed":false,"footnotes":""},"categories":[1],"tags":[],"class_list":["post-3538","post","type-post","status-publish","format-standard","has-post-thumbnail","hentry","category-agenda"],"acf":[],"_links":{"self":[{"href":"https:\/\/magicbadalona.com\/es\/wp-json\/wp\/v2\/posts\/3538","targetHints":{"allow":["GET"]}}],"collection":[{"href":"https:\/\/magicbadalona.com\/es\/wp-json\/wp\/v2\/posts"}],"about":[{"href":"https:\/\/magicbadalona.com\/es\/wp-json\/wp\/v2\/types\/post"}],"author":[{"embeddable":true,"href":"https:\/\/magicbadalona.com\/es\/wp-json\/wp\/v2\/users\/7"}],"replies":[{"embeddable":true,"href":"https:\/\/magicbadalona.com\/es\/wp-json\/wp\/v2\/comments?post=3538"}],"version-history":[{"count":6,"href":"https:\/\/magicbadalona.com\/es\/wp-json\/wp\/v2\/posts\/3538\/revisions"}],"predecessor-version":[{"id":3568,"href":"https:\/\/magicbadalona.com\/es\/wp-json\/wp\/v2\/posts\/3538\/revisions\/3568"}],"wp:featuredmedia":[{"embeddable":true,"href":"https:\/\/magicbadalona.com\/es\/wp-json\/wp\/v2\/media\/3530"}],"wp:attachment":[{"href":"https:\/\/magicbadalona.com\/es\/wp-json\/wp\/v2\/media?parent=3538"}],"wp:term":[{"taxonomy":"category","embeddable":true,"href":"https:\/\/magicbadalona.com\/es\/wp-json\/wp\/v2\/categories?post=3538"},{"taxonomy":"post_tag","embeddable":true,"href":"https:\/\/magicbadalona.com\/es\/wp-json\/wp\/v2\/tags?post=3538"}],"curies":[{"name":"wp","href":"https:\/\/api.w.org\/{rel}","templated":true}]}}